{"id":313,"date":"2015-01-12T11:31:10","date_gmt":"2015-01-12T10:31:10","guid":{"rendered":"https:\/\/www.akku.net\/magazin\/?p=313"},"modified":"2015-01-15T17:35:12","modified_gmt":"2015-01-15T16:35:12","slug":"die-wichtigsten-akku-messen-2015","status":"publish","type":"post","link":"https:\/\/www.akku.net\/magazin\/die-wichtigsten-akku-messen-2015\/","title":{"rendered":"Akku-Messen 2015 \u2013 H\u00e4lt der Akku auch was er verspricht?"},"content":{"rendered":"<p><strong>Es gibt unz\u00e4hlige M\u00f6glichkeiten, sich im Netz, mit Brosch\u00fcren oder im Einzelhandel \u00fcber die neuesten Akkutechnologien und \u2013fortschritte zu informieren. Eine der einfachsten Methoden, eine Vielzahl an Informationen in einer sehr kurzen Zeit von verschiedenen Herstellern und Vermarktern zu erhalten, sind: Messen. Wir m\u00f6chten Ihnen hier die wichtigsten Termine f\u00fcr das neue und hoffentlich revolution\u00e4re Akku-Jahr 2015 vorstellen.<\/strong><\/p>\n<p><!--more--><\/p>\n<h2>Januar<\/h2>\n<p><strong>eltec 2015<\/strong><\/p>\n<p>F\u00fcr alle Elektro- und Energietechniker ist die \u201eeltec\u201c l\u00e4ngst zum Pflichttermin geworden. Die alle zwei Jahre stattfindende Messe pr\u00e4sentiert mit etwa 270 Ausstellern Produktneuheiten und L\u00f6sungsans\u00e4tze f\u00fcr die Weiterentwicklungen von Akkumulatoren. Vortr\u00e4ge zu Energieeffizienz, Licht und Design sowie Sonderschauen zum Thema \u201eE-Haus\u201c und \u201eE-Mobilit\u00e4t\u201c geh\u00f6ren ebenfalls zum Rahmenprogramm. Neu ist in diesem Jahr die M\u00f6glichkeit, an Schulungen teilzunehmen, und f\u00fcr den Nachwuchs der Elektronikbranche wartet die <a href=\"http:\/\/www.eltec.info\/besucher\/technocamp\/\">eltec mit dem Techno-Camp<\/a> auf. Hier k\u00f6nnen die Teilnehmer in Praxis\u00fcbungen zur Installationstechnik Punkte sammeln und tolle Preise gewinnen. Weitere Infos zur eltec 2015 erhalten Sie <a href=\"http:\/\/www.eltec.info\/\">hier<\/a>.<\/p>\n<p><img loading=\"lazy\" decoding=\"async\" class=\"alignnone size-full wp-image-338\" src=\"https:\/\/www.akku.net\/magazin\/wp-content\/uploads\/eltec1.png\" alt=\"eltec\" width=\"876\" height=\"106\" srcset=\"https:\/\/www.akku.net\/magazin\/wp-content\/uploads\/eltec1.png 876w, https:\/\/www.akku.net\/magazin\/wp-content\/uploads\/eltec1-300x36.png 300w, https:\/\/www.akku.net\/magazin\/wp-content\/uploads\/eltec1-624x76.png 624w\" sizes=\"auto, (max-width: 876px) 100vw, 876px\" \/><\/p>\n<p><strong>2. Hamburger Energietage<\/strong><\/p>\n<p>Mit etwa 100 Ausstellern beginnen Ende Januar die 2. Hamburger Energietage. Die Messe, die Informationen, Neuheiten, Tipps und Trends rund um das Bauen und Modernisieren, Energieeffizienz und Elektro-Mobilit\u00e4t bietet, wird von einem vielf\u00e4ltigen Vortragsprogramm begleitet. In diesem Jahr liegt der Schwerpunkt auf dem soziodemographischen Wandel im Hinblick auf altersgerechtes Bauen <a href=\"http:\/\/www.hamburger-energietage.com\/programm\/programm-forum-neue-mobilitaet.html\">und \u201eE-Mobilit\u00e4t<\/a>\u201c. Mehr Informationen zu der Messe erhalten Sie <a href=\"http:\/\/www.hamburger-energietage.com\/\">hier<\/a>.<\/p>\n<p><img loading=\"lazy\" decoding=\"async\" class=\"alignnone size-full wp-image-279\" src=\"https:\/\/www.akku.net\/magazin\/wp-content\/uploads\/energietage_hamburg.png\" alt=\"energietage_hamburg\" width=\"872\" height=\"138\" srcset=\"https:\/\/www.akku.net\/magazin\/wp-content\/uploads\/energietage_hamburg.png 872w, https:\/\/www.akku.net\/magazin\/wp-content\/uploads\/energietage_hamburg-300x47.png 300w, https:\/\/www.akku.net\/magazin\/wp-content\/uploads\/energietage_hamburg-624x99.png 624w\" sizes=\"auto, (max-width: 872px) 100vw, 872px\" \/><\/p>\n<h2>Februar<\/h2>\n<p><strong>Elektrotechnik<\/strong><\/p>\n<p>Fachkr\u00e4fte und Laien, die sich in Sachen Geb\u00e4ude und Industrieanwendungen schlau machen m\u00f6chten, kommen auf der Messe Elektrotechnik in Dortmund auf ihre Kosten. Die Messe ist gezielt auf Fachkr\u00e4fte, Anwender und Praktiker ausgerichtet. Diese k\u00f6nnen die Produkte, Leistungen und Neuheiten mehrheitlich vor Ort testen und ausprobieren. Neueste Trends, Innovationen und branchenspezifische Entwicklungen, wie zum Thema Lichttechnik und Informationen zu Weiterbildungen, als auch Karrierechancen in der Elektro- und Elektronikbranche werden ebenfalls angeboten. Mit und f\u00fcr Industrieanwender, Handwerker, Architekten und Planer, Fachleute aus Kommunen, Objektbetreuer, Investoren und Planer aus der Immobilienwirtschaft, Energieversorger und Dienstleister ist die Elektrotechnik 2015 ein Termin, den Sie sich vormerken sollten. Weitere Informationen sind <a href=\"http:\/\/www.messe-elektrotechnik.de\/de\/home\/\">hier<\/a> zu finden.<\/p>\n<p><img loading=\"lazy\" decoding=\"async\" class=\"alignnone size-full wp-image-344\" src=\"https:\/\/www.akku.net\/magazin\/wp-content\/uploads\/dortmund.png\" alt=\"dortmund\" width=\"870\" height=\"99\" srcset=\"https:\/\/www.akku.net\/magazin\/wp-content\/uploads\/dortmund.png 870w, https:\/\/www.akku.net\/magazin\/wp-content\/uploads\/dortmund-300x34.png 300w, https:\/\/www.akku.net\/magazin\/wp-content\/uploads\/dortmund-624x71.png 624w\" sizes=\"auto, (max-width: 870px) 100vw, 870px\" \/><\/p>\n<p><strong>E-world energy &amp; water 2015<\/strong><\/p>\n<p>Einen gekonnten Spagat zwischen Messe und Kongress schafft die \u201eE-world energy &amp; water\u201c in Essen. Mit 620 Ausstellern aus 25 L\u00e4ndern, 25 Konferenzen und 200 Referenten k\u00f6nnen sich die Besucher auf drei Messeetagen ein ausgiebiges Bild \u00fcber Zukunftsenergien, Herausforderungen und Chancen des Klimaschutzes sowie die Energiewende und erneuerbare Energien machen als auch Kontakt zu ausstellenden Unternehmen kn\u00fcpfen. Zudem gibt es zwei gef\u00fchrte Messe-Rundg\u00e4nge zu den Themen erneuerbare Energien und \u201eSmart Energy\u201c \u2013 dezentrale Energieversorgung. Weitere Informationen erhalten Interessierte auf der <a href=\"http:\/\/www.e-world-essen.com\/de\/aktuelles\/\">Homepage der \u201eE-world 2015\u201c.<\/a><\/p>\n<p><img loading=\"lazy\" decoding=\"async\" class=\"alignnone size-full wp-image-346\" src=\"https:\/\/www.akku.net\/magazin\/wp-content\/uploads\/essen.png\" alt=\"essen\" width=\"869\" height=\"100\" srcset=\"https:\/\/www.akku.net\/magazin\/wp-content\/uploads\/essen.png 869w, https:\/\/www.akku.net\/magazin\/wp-content\/uploads\/essen-300x35.png 300w, https:\/\/www.akku.net\/magazin\/wp-content\/uploads\/essen-624x72.png 624w\" sizes=\"auto, (max-width: 869px) 100vw, 869px\" \/><\/p>\n<h2>M\u00e4rz<\/h2>\n<p><strong>8. Entwicklerforum Akkutechnologien<\/strong><\/p>\n<p>Das Aschaffenburger Expertenforum mit begleitender Fachausstellung geht in diesem Jahr in die achte Runde. Die Aufmerksamkeit liegt \u2013 der millionenfachen t\u00e4glichen Nutzung jener geschuldet \u2013 auf den Lithium-Ionen-Akkumulatoren. F\u00fcr die Akkubranche ist es immens wichtig, immer leistungsf\u00e4higere, kompaktere und sicherere Akkus zu entwickeln und f\u00fcr den Markt bereitzustellen. Das Entwicklerforum will Entwicklern von Akkutechnologien, Endanwendern und Neueinsteigern der Branche die Chance geben, sich \u00fcber die neuesten Entwicklungen in puncto Akkus zu informieren. Das Forum befasst sich vor allem mit Batterie- und Ladetechnologien, Power Management und Sicherheit, fortschrittlicher Batteriekonfektionierung, E-Bikes, EV und automotiver HEV, Rohstoffen und Energiespeichersystemen. W\u00e4hrenddessen k\u00f6nnen sich die Besucher der begleitenden Fachausstellung direkt beim Hersteller informieren. Mehr Informationen und das detaillierte Programm finden Sie <a href=\"http:\/\/www.entwicklerforum-akkutechnologien.de\/\">hier<\/a>.<br \/>\n<img loading=\"lazy\" decoding=\"async\" class=\"alignnone size-full wp-image-336\" src=\"https:\/\/www.akku.net\/magazin\/wp-content\/uploads\/aschaffenburg.png\" alt=\"aschaffenburg\" width=\"869\" height=\"170\" srcset=\"https:\/\/www.akku.net\/magazin\/wp-content\/uploads\/aschaffenburg.png 869w, https:\/\/www.akku.net\/magazin\/wp-content\/uploads\/aschaffenburg-300x59.png 300w, https:\/\/www.akku.net\/magazin\/wp-content\/uploads\/aschaffenburg-624x122.png 624w\" sizes=\"auto, (max-width: 869px) 100vw, 869px\" \/><\/p>\n<p><strong>Energy Storage Europe<\/strong><\/p>\n<p>Eine Mischung aus Messe und Konferenz bietet auch die \u201eEnergy Storage Europe\u201c in D\u00fcsseldorf. \u00dcber 100 Austeller aus \u00fcber 40 L\u00e4ndern pr\u00e4sentieren ihre neuesten Entwicklungen, Ideen und Kassenschlager. Die Veranstaltungen w\u00e4hrend des Kongresses werden simultan ins Deutsche bzw. ins Englische \u00fcbersetzt. In Workshops wie beispielsweise zum Thema \u201eProfitable Speicheranwendungen\u201c geben die Veranstalter einen Einblick in Lage, Chancen, Risiken und wesentliche Fragestellungen, die f\u00fcr die Durchf\u00fchrung von Speicherprojekten zu beurteilen und zu beachten sind. Wer also in Zukunft wirtschaftlich attraktive Einsatzm\u00f6glichkeiten von Speichersystemen fr\u00fchzeitig erkennen m\u00f6chte, der sollte sich sein Ticket auf der \u201eEnergy Solar Europe 2015\u201c sichern. F\u00fcr alle Infos rund um die Messe klicken Sie bitte <a href=\"http:\/\/www.energy-storage-online.de\/\">hier<\/a>.<\/p>\n<p><img loading=\"lazy\" decoding=\"async\" class=\"alignnone size-full wp-image-348\" src=\"https:\/\/www.akku.net\/magazin\/wp-content\/uploads\/duesseldorf.png\" alt=\"duesseldorf\" width=\"868\" height=\"132\" srcset=\"https:\/\/www.akku.net\/magazin\/wp-content\/uploads\/duesseldorf.png 868w, https:\/\/www.akku.net\/magazin\/wp-content\/uploads\/duesseldorf-300x46.png 300w, https:\/\/www.akku.net\/magazin\/wp-content\/uploads\/duesseldorf-624x95.png 624w\" sizes=\"auto, (max-width: 868px) 100vw, 868px\" \/><\/p>\n<p><strong>6. Fachkongress des Forums Elektro Mobilit\u00e4t e.V.<\/strong><\/p>\n<p>Mit 20 Ausstellern und circa 30 Referenten wirkt der Fachkongress des Forums \u201eElektro Mobilit\u00e4t e.V.\u201c wie eine kleine, aber feine Veranstaltung auf der Entscheider- und Expertenebene. Und genau das ist sie auch. Akteure aus Forschung, Politik, Industrie und Mittelstand k\u00f6nnen hier die Diskussionsm\u00f6glichkeiten f\u00fcr den branchen- und technologie\u00fcbergreifenden Wissensaustausch im Feld der Elektromobilit\u00e4t nutzen. Zuk\u00fcnftige Entwicklungstrends, Fahrzeug- und Antriebskonzepte, Internationalisierung und Normung, Trends bei Batterien und \u201eRange Extendern\u201c bilden neben Netzintegration, Ladeinfrastruktur und erneuerbaren Energien die Themenschwerpunkte. Genaue Informationen zum Kongress finden Sie <a href=\"http:\/\/www.forum-elektromobilitaet.de\/\">hier<\/a>.<\/p>\n<p><img loading=\"lazy\" decoding=\"async\" class=\"alignnone size-full wp-image-350\" src=\"https:\/\/www.akku.net\/magazin\/wp-content\/uploads\/berlin.png\" alt=\"berlin\" width=\"868\" height=\"131\" srcset=\"https:\/\/www.akku.net\/magazin\/wp-content\/uploads\/berlin.png 868w, https:\/\/www.akku.net\/magazin\/wp-content\/uploads\/berlin-300x45.png 300w, https:\/\/www.akku.net\/magazin\/wp-content\/uploads\/berlin-624x94.png 624w\" sizes=\"auto, (max-width: 868px) 100vw, 868px\" \/><\/p>\n<p><strong>22. Entwicklerforum Batterien und Ladekonzepte 2015<\/strong><\/p>\n<p>Eine sch\u00f6ne Gelegenheit sich zu informieren, bietet das Entwicklerforum \u201eBatterien und Ladekonzepte\u201c in M\u00fcnchen f\u00fcr Anwender und Society, Systemintegratoren, Projektmanager, Sicherheitsverantwortliche, Entscheider und Entwickler in der Batterie-Industrie und andere, die Batterien einsetzen, sowie f\u00fcr Forscher und Entwickler, die sich mit der Zustandsbestimmung und Absch\u00e4tzung der Lebensdauer von Lithium-Ionen-Akkus oder mobilen, elektronischen Ger\u00e4ten besch\u00e4ftigen. Neben Entwicklung, Produktion, Qualit\u00e4tssicherung und Erprobung von Batterie-Systemen werden hier Informationen zu verschiedenen Batterie-Technologien, optimaler Zellladung, \u201eCell-Balancing\u201c, Sicherheitsanforderungen und Methoden zur Optimierung der Akku-Lebensdauer gegeben. Weitere Informationen sowie <a href=\"http:\/\/www.batterien-entwicklerforum.de\/fileadmin\/pictures\/Events_2015\/Batterie\/Programm\/Programm_Batterieforum_2015.pdf\">das Programm<\/a> der Veranstaltung k\u00f6nnen Sie dem <a href=\"http:\/\/www.batterien-entwicklerforum.de\/home.html\">Internetauftritt des Forums<\/a> entnehmen.<\/p>\n<p><img loading=\"lazy\" decoding=\"async\" class=\"alignnone size-full wp-image-340\" src=\"https:\/\/www.akku.net\/magazin\/wp-content\/uploads\/muenchen.png\" alt=\"muenchen\" width=\"868\" height=\"165\" srcset=\"https:\/\/www.akku.net\/magazin\/wp-content\/uploads\/muenchen.png 868w, https:\/\/www.akku.net\/magazin\/wp-content\/uploads\/muenchen-300x57.png 300w, https:\/\/www.akku.net\/magazin\/wp-content\/uploads\/muenchen-624x119.png 624w\" sizes=\"auto, (max-width: 868px) 100vw, 868px\" \/><\/p>\n<p><strong>eltefa<\/strong><\/p>\n<p>Als gr\u00f6\u00dfte Landesmesse der Elektrobranche unterstreicht die \u201eeltefa 2015\u201c in Stuttgart Worte wie \u201eSmart Energy\u201c, \u201eSmart Grids\u201c, \u201eSmart Meter\u201c und \u201eSmart Home\u201c besonders deutlich: Ohne Strom keine Zukunft &#8211; daher sind intelligente Steuerungen und energieeffiziente Automatisierungen im Hinblick auf Verf\u00fcgbarkeit, Produktivit\u00e4t und Verl\u00e4sslichkeit in der produzierenden Industrie, in der Verwaltung, im \u00f6ffentlichen Raum als auch im privaten Haushalt unabdingbar. Mit ihrer dynamischen Entwicklung bei nachhaltiger Energieerzeugung, intelligenter Energieverteilung und der Wende hin zu \u201eSmart Homes\u201c gewinnt die Elektrotechnik immer gr\u00f6\u00dfere Bedeutung. Interessierte k\u00f6nnen sich auf der Elektrofachmesse in Themenparks, Foren und Kongressen informieren und in <a href=\"http:\/\/www.messe-stuttgart.de\/de\/eltefa\/besucher\/rahmenprogramm\/sonderschau-e-haus\/\">Sonderschauen wie dem \u201eE-House<\/a>\u201c einen Blick in die Zukunft werfen. Mehr zur eltefa erfahren Sie <a href=\"http:\/\/www.messe-stuttgart.de\/de\/eltefa\/\">hier<\/a>.<\/p>\n<p><img loading=\"lazy\" decoding=\"async\" class=\"alignnone size-full wp-image-352\" src=\"https:\/\/www.akku.net\/magazin\/wp-content\/uploads\/eltefa1.png\" alt=\"eltefa\" width=\"868\" height=\"99\" srcset=\"https:\/\/www.akku.net\/magazin\/wp-content\/uploads\/eltefa1.png 868w, https:\/\/www.akku.net\/magazin\/wp-content\/uploads\/eltefa1-300x34.png 300w, https:\/\/www.akku.net\/magazin\/wp-content\/uploads\/eltefa1-624x71.png 624w\" sizes=\"auto, (max-width: 868px) 100vw, 868px\" \/><\/p>\n<h2>Juni<\/h2>\n<p><strong>Intersolar Europe<\/strong><\/p>\n<p>Die internationale Messe \u201eIntersolar Europe\u201c in M\u00fcnchen ist in ihrem Ursprung zwar eine Fachmesse mit Kongress f\u00fcr Solartechnik, bietet aber mit insgesamt 2.200 Austellern neben Photovoltaik, Solarthermie, Solartechnik, Solarzellen und Montagetechniken einen Einblick in die Welt der Ladeger\u00e4te, Akkus, Solar-Kleinger\u00e4te, Kraftwerke und Klimatisierung. Test- und Pr\u00fcfinstitute pr\u00e4sentieren gemeinsam mit den weltweit wichtigsten Herstellern, Zulieferern sowie Handels- und Dienstleistungsunternehmen ihre neuesten Produkte und Dienstleistungen, aktuelle Entwicklungen und technische Innovationen. Mehr zur Intersolar gibt es <a href=\"http:\/\/www.intersolar.de\/de\/intersolar-europe.html\">hier<\/a>.<\/p>\n<p><img loading=\"lazy\" decoding=\"async\" class=\"alignnone size-full wp-image-354\" src=\"https:\/\/www.akku.net\/magazin\/wp-content\/uploads\/intersolar_muenchen.png\" alt=\"intersolar_muenchen\" width=\"868\" height=\"136\" srcset=\"https:\/\/www.akku.net\/magazin\/wp-content\/uploads\/intersolar_muenchen.png 868w, https:\/\/www.akku.net\/magazin\/wp-content\/uploads\/intersolar_muenchen-300x47.png 300w, https:\/\/www.akku.net\/magazin\/wp-content\/uploads\/intersolar_muenchen-624x98.png 624w\" sizes=\"auto, (max-width: 868px) 100vw, 868px\" \/><\/p>\n<h2>Oktober<\/h2>\n<p><strong>Battery+Storage<\/strong><\/p>\n<p>Als internationale Fachmesse f\u00fcr Batterie-und Energiespeicher-Technologien ist die \u201eBattery+Storage 2015\u201c in Stuttgart eine Messe, die den Besuch in Sachen Dienstleistungen und Produkte rund um Batterie- und Speichersysteme allemal lohnt. \u00dcber 60 Austeller stellen ihre Batteriesysteme f\u00fcr den mobilen und station\u00e4ren Einsatz vor und zeigen ihre aktuellsten Errungenschaften und Neuerungen im Bereich der Elektroden-Materialien, Elektrolyte, Separatoren und Folien sowie der Leistungselektronik und Test-, Mess- und Inspektionstechnik. Klar ist dabei, dass auch wiederaufladbare Akkumulatoren, \u201eSecond-Use-Konzepte\u201c und Recycling-Technologie, Ladeinfrastruktrur, Energiespeicher-L\u00f6sungen und Anwendungen wichtige Themenkomplex der Battery+Storage darstellen.<br \/>\nAuch das Konferenzprogramm erlaubt mit mehr als 120 Vortr\u00e4gen einen Blick in die Themen Wasserstoff- und Brennstoffzellen, sowie Batterie- und Energiespeichertechnologie und bietet so einen zus\u00e4tzlichen Informationsgehalt. <a href=\"http:\/\/www.messe-stuttgart.de\/wes\/besucher\/\">Hier<\/a> erhalten Sie weitere Infos zur Battery+Storage.<\/p>\n<p><img loading=\"lazy\" decoding=\"async\" class=\"alignnone size-full wp-image-356\" src=\"https:\/\/www.akku.net\/magazin\/wp-content\/uploads\/battery_stuttgart.png\" alt=\"battery_stuttgart\" width=\"866\" height=\"97\" srcset=\"https:\/\/www.akku.net\/magazin\/wp-content\/uploads\/battery_stuttgart.png 866w, https:\/\/www.akku.net\/magazin\/wp-content\/uploads\/battery_stuttgart-300x34.png 300w, https:\/\/www.akku.net\/magazin\/wp-content\/uploads\/battery_stuttgart-624x70.png 624w\" sizes=\"auto, (max-width: 866px) 100vw, 866px\" \/><\/p>\n<p><strong>efa<\/strong><\/p>\n<p>Die Besucher der \u201eefa 2015&#8243;, auch die 14. Fachmesse f\u00fcr Geb\u00e4ude- und Elektrotechnik, Licht, Klima und Automation genannt, erwartet unter anderem ein breites Spektrum an Informationen zu Energie- und Automatisierungstechnik, Sende- und Empfangstechnik, Breitbandverteiltechnik, Schutz- und Sicherheitstechnik, Mess- und Pr\u00fcfger\u00e4ten, Messtechnik, Sensoren, Bauelemente, Trafos, Antriebstechnik, Informations- und Kommunikationstechnik, Werkzeugen, Betriebs-, Lager- und Montageausr\u00fcstungen und Systemtechnik. Seit 1990 ist die Messe ein wichtiger Branchentreff in Mitteldeutschland. Die efa findet zusammen mit der \u201e<strong>SHKG\u201c &#8211; Fachmesse f\u00fcr Sanit\u00e4r, Heizung, Klima und Geb\u00e4udeautomation<\/strong> und der \u201e<strong>HIVOLTEC\u201c &#8211; Fachmesse f\u00fcr Hoch- und Mittelspannungstechnik<\/strong> statt. So k\u00f6nnen Sie als Gast drei Veranstaltungen parallel besuchen. Mehr zur efa finden Sie <a href=\"http:\/\/www.efa-messe.com\/de\/\">hier<\/a>.<\/p>\n<p><img loading=\"lazy\" decoding=\"async\" class=\"alignnone size-full wp-image-357\" src=\"https:\/\/www.akku.net\/magazin\/wp-content\/uploads\/efa1.png\" alt=\"efa\" width=\"868\" height=\"99\" srcset=\"https:\/\/www.akku.net\/magazin\/wp-content\/uploads\/efa1.png 868w, https:\/\/www.akku.net\/magazin\/wp-content\/uploads\/efa1-300x34.png 300w, https:\/\/www.akku.net\/magazin\/wp-content\/uploads\/efa1-624x71.png 624w\" sizes=\"auto, (max-width: 868px) 100vw, 868px\" \/><\/p>\n<h2>Bitte Vormerken! Wichtige Messe 2016<\/h2>\n<p><strong>Dach+Holz<\/strong><\/p>\n<p>Alles rund um Akkumulatoren f\u00fcr den Handwerk- und Baubetrieb findet sich auf der \u201eDach+Holz\u201c. 564 Aussteller pr\u00e4sentieren auf rund 70.000m\u00b2 Ausstellungsfl\u00e4che praxisbezogene L\u00f6sungen, Produkte und Dienstleistungen. Als selbsternannte Leitmesse der Dach- und Holzbaubranche ist die Messe ein Pflichttermin f\u00fcr alle Handwerker. Egal ob Zimmerer, Dachdecker, Klempner, Architekten, Planer oder Ingenieure \u2013 hier zeigen die wichtigsten nationalen und internationalen Aussteller alle zwei Jahre ihre Neuheiten und Fortschritte. Im Zuge der integrierten Vortr\u00e4ge und Sonderschauen erhalten Sie Informationen aus erster Hand und k\u00f6nnen Kontakte kn\u00fcpfen. Der Ticketverkauf f\u00fcr die Dach+Holz 2016 startet im Oktober 2015. Mehr Informationen gibt\u2019s <a href=\"http:\/\/www.dach-holz.de\/\">hier<\/a>.<\/p>\n<p><img loading=\"lazy\" decoding=\"async\" class=\"alignnone size-full wp-image-358\" src=\"https:\/\/www.akku.net\/magazin\/wp-content\/uploads\/dachundholz.png\" alt=\"dachundholz\" width=\"867\" height=\"97\" srcset=\"https:\/\/www.akku.net\/magazin\/wp-content\/uploads\/dachundholz.png 867w, https:\/\/www.akku.net\/magazin\/wp-content\/uploads\/dachundholz-300x34.png 300w, https:\/\/www.akku.net\/magazin\/wp-content\/uploads\/dachundholz-624x70.png 624w\" sizes=\"auto, (max-width: 867px) 100vw, 867px\" \/><\/p>\n<p>&nbsp;<\/p>\n","protected":false},"excerpt":{"rendered":"<p>Es gibt unz\u00e4hlige M\u00f6glichkeiten, sich im Netz, mit Brosch\u00fcren oder im Einzelhandel \u00fcber die neuesten Akkutechnologien und \u2013fortschritte zu informieren.<\/p>\n","protected":false},"author":5,"featured_media":284,"comment_status":"open","ping_status":"open","sticky":false,"template":"","format":"standard","meta":{"colormag_page_container_layout":"default_layout","colormag_page_sidebar_layout":"default_layout","footnotes":""},"categories":[3],"tags":[],"class_list":["post-313","post","type-post","status-publish","format-standard","has-post-thumbnail","hentry","category-akku-wissen"],"_links":{"self":[{"href":"https:\/\/www.akku.net\/magazin\/wp-json\/wp\/v2\/posts\/313","targetHints":{"allow":["GET"]}}],"collection":[{"href":"https:\/\/www.akku.net\/magazin\/wp-json\/wp\/v2\/posts"}],"about":[{"href":"https:\/\/www.akku.net\/magazin\/wp-json\/wp\/v2\/types\/post"}],"author":[{"embeddable":true,"href":"https:\/\/www.akku.net\/magazin\/wp-json\/wp\/v2\/users\/5"}],"replies":[{"embeddable":true,"href":"https:\/\/www.akku.net\/magazin\/wp-json\/wp\/v2\/comments?post=313"}],"version-history":[{"count":15,"href":"https:\/\/www.akku.net\/magazin\/wp-json\/wp\/v2\/posts\/313\/revisions"}],"predecessor-version":[{"id":332,"href":"https:\/\/www.akku.net\/magazin\/wp-json\/wp\/v2\/posts\/313\/revisions\/332"}],"wp:featuredmedia":[{"embeddable":true,"href":"https:\/\/www.akku.net\/magazin\/wp-json\/wp\/v2\/media\/284"}],"wp:attachment":[{"href":"https:\/\/www.akku.net\/magazin\/wp-json\/wp\/v2\/media?parent=313"}],"wp:term":[{"taxonomy":"category","embeddable":true,"href":"https:\/\/www.akku.net\/magazin\/wp-json\/wp\/v2\/categories?post=313"},{"taxonomy":"post_tag","embeddable":true,"href":"https:\/\/www.akku.net\/magazin\/wp-json\/wp\/v2\/tags?post=313"}],"curies":[{"name":"wp","href":"https:\/\/api.w.org\/{rel}","templated":true}]}}