{"id":1160,"date":"2020-03-05T21:21:06","date_gmt":"2020-03-05T20:21:06","guid":{"rendered":"https:\/\/www.akku.net\/magazin\/?p=1160"},"modified":"2020-03-25T11:08:55","modified_gmt":"2020-03-25T10:08:55","slug":"batteriemessen-2020","status":"publish","type":"post","link":"https:\/\/www.akku.net\/magazin\/batteriemessen-2020\/","title":{"rendered":"Batteriemessen und -konferenzen in Deutschland 2020 \u2013 ein \u00dcberblick"},"content":{"rendered":"<p><strong>UPDATE: Aufgrund der Ausbreitung des Corona-Virus werden zahlreiche Gro\u00dfveranstaltungen, die in der ersten Jahresh\u00e4lfte stattfinden sollten, auf sp\u00e4tere Termine verschoben oder m\u00fcssen ganz ausfallen. Leider sind davon auch zahlreiche Events in der Batteriebranche betroffen.<\/strong><\/p>\n<p><strong>Speichertechnologie und Innovationen in dieser Branche werden immer wichtiger. Der digitale Fortschritt macht bahnbrechende Durchbr\u00fcche auf dem Gebiet der Batterietechnologie dringend notwendig. Daher ist es essenziell wichtig, dass sich Forscher, Unternehmen und Institutionen auch in Deutschland auf Batteriemessen, -konferenzen und -infotagen auf dem Laufenden halten.<\/strong><\/p>\n<p>Im Folgenden geben wir einen \u00dcberblick, \u00fcber einschl\u00e4gige Messen, Tagungen und Informationsveranstaltungen, die sich mit Akku- und Batterietechnologie besch\u00e4ftigen \u2013 vom allgemeinen \u00fcber den automotiven bis zum medizintechnischen Aspekt.<\/p>\n<figure id=\"attachment_1170\" aria-describedby=\"caption-attachment-1170\" style=\"width: 850px\" class=\"wp-caption alignnone\"><a href=\"https:\/\/www.akku.net\/magazin\/wp-content\/uploads\/20190411_105158.jpg\"><img loading=\"lazy\" decoding=\"async\" class=\"wp-image-1170 size-full\" src=\"https:\/\/www.akku.net\/magazin\/wp-content\/uploads\/20190411_105158.jpg\" alt=\"battery experts forum\" width=\"850\" height=\"566\" srcset=\"https:\/\/www.akku.net\/magazin\/wp-content\/uploads\/20190411_105158.jpg 850w, https:\/\/www.akku.net\/magazin\/wp-content\/uploads\/20190411_105158-300x200.jpg 300w, https:\/\/www.akku.net\/magazin\/wp-content\/uploads\/20190411_105158-768x511.jpg 768w\" sizes=\"auto, (max-width: 850px) 100vw, 850px\" \/><\/a><figcaption id=\"caption-attachment-1170\" class=\"wp-caption-text\"><em>Messebereich @Battery Experts Forum<\/em><\/figcaption><\/figure>\n<h2><\/h2>\n<h2><strong>Energy Storage Europe 2020<\/strong><\/h2>\n<p><strong><em>Ursprungstermin: 10.\u201312. M\u00e4rz, D\u00fcsseldorf <\/em><\/strong><\/p>\n<p>*<strong>UPDATE:<\/strong> <em>Die ENERGY STORAGE EUROPE 2020 wird <strong>auf den 16.\u201318. M\u00e4rz 2021 verschoben<\/strong>. Damit folgt die Messe D\u00fcsseldorf GmbH den Empfehlungen der Bundesregierung f\u00fcr Gro\u00dfveranstaltungen.<\/em>*<\/p>\n<p>Medial hat das Thema <strong>\u201eStabilisierung des globalen Klimas\u201c<\/strong> in letzter Zeit enorme Aufmerksamkeit erfahren. Auf EU-Ebene reagierte man darauf im Dezember 2019 mit dem \u201aGreen Deal\u2018, dessen Bestreben es ist, Europa mithilfe wirtschaftlicher und energietechnologischer Innovationen bis zum Jahr 2050 klimaneutral zu machen. Um dies zu gew\u00e4hrleisten, ist ein <strong>Umdenken hinsichtlich Energiesystemen von N\u00f6ten<\/strong> \u2013 insbesondere die Entwicklung und systemische Einbindung der Energiespeicher spielt eine zentrale Rolle, da sie essenziell daf\u00fcr sind, um <strong>Energiebereitstellung und Energieverbrauch<\/strong> sektoren\u00fcbergreifend und kosteng\u00fcnstig miteinander verbinden zu k\u00f6nnen.<\/p>\n<p>Das \u00fcbergreifende Thema der ENERGY STORAGE EUROPE 2020 lautet \u201eKlimaschutz\u201c. Zu ihr geh\u00f6ren die 9. ESE-Konferenz und die 14. IRES-Konferenz. Beide Events komplementieren sich 2020 ideal: Die <strong>ESE-Sessions<\/strong> behandeln <strong>Gesch\u00e4ftsmodelle, \u201aBest Practices\u2018, Marktoptionen f\u00fcr thermische, chemische und elektrische Speicher sowie Power-to-X-L\u00f6sungen<\/strong>. Die <strong>IHRES-Sessions<\/strong> besch\u00e4ftigen sich mit den Bereichen <strong>Forschung und Entwicklung<\/strong> mit speziellem Fokus darauf, wie sich beide kombinieren und bestm\u00f6glich in Energiesysteme einsetzen lassen.<\/p>\n<p>In den Key-Notes am Er\u00f6ffnungstag befassen sich <strong>Vertreter der EU-Kommission und der Weltbank<\/strong> mit den politischen Rahmenbedingungen. Die Kombination von Business und Klimaschutz thematisiert zum Beispiel Dr. Christian Fischer, Gesch\u00e4ftsf\u00fchrer von Bosch. Die Reduzierung von CO2-Emissionen durch Nutzung von erneuerbaren Energien ist grundlegend f\u00fcr Klimaschutzziele. Den <strong>industriellen Aspekt<\/strong> beleuchten zum einen der Key-Note-Vortrag von Dr. Volker Hille, von der Salzgitter AG, aber auch Pr\u00e4sentationen zur Dekarbonisierung der Wirtschaft \u2013 sowohl auf der Messe als auch im Forum.<\/p>\n<p>Die Veranstaltung m\u00f6chte einen Beitrag leisten, um L\u00f6sungen f\u00fcr den <strong>Wandel der Energiesysteme<\/strong> sowie <strong>Innovationen auf dem Gebiet der Energiespeichertechnologie<\/strong> zu pr\u00e4sentieren und zu diskutieren.<\/p>\n<p><strong>Neues Datum:<\/strong> 16.\u201318. M\u00e4rz 2021<\/p>\n<p><strong>Ort:<\/strong>\u00a0Messe D\u00fcsseldorf, Am Staad (Stockumer H\u00f6fe), 40474 D\u00fcsseldorf<\/p>\n<p><strong>Website:<\/strong> <a href=\"https:\/\/www.eseexpo.de\/\" target=\"_blank\" rel=\"nofollow noopener\">eseexpo.de<\/a><\/p>\n<h2><\/h2>\n<h2><strong>The Battery Show Europe 2020<\/strong><\/h2>\n<p><strong><em>Ursprungstermin: 28.\u201330. April, Stuttgart<\/em><\/strong><\/p>\n<p>*<strong>UPDATE:<\/strong> <em>Die BATTERY SHOW EUROPE 2020 wird <strong>auf den 15.\u201317. Oktober verschoben<\/strong>. Damit folgen die Veranstalter den Empfehlungen der Bundesregierung f\u00fcr Gro\u00dfveranstaltungen.<\/em>*<\/p>\n<p>Die BATTERY SHOW EUROPE findet in <strong>Partnerschaft mit der Electric &amp; Hybrid Vehicle Technology Expo<\/strong> statt. Gemeinsam bringen sie 500 internationale Supplier nach Stuttgart. Damit sind beide zusammen Europas umfassendste Messe f\u00fcr fortschrittliche Batterie- und H\/EV-Technologie, die sich in einer Reihe von Workshops, Sitzungen, Panels und mehr mit Fertigungsl\u00f6sungen f\u00fcr die gesamte Batterie- und H\/EV-Lieferkette besch\u00e4ftigt.<\/p>\n<p>Laut Daten der Freedonia Group betr\u00e4gt der <strong>Wert der Batterieindustrie weltweit rund 83 Milliarden US-Dollar<\/strong>. Da die Produktion und der Verkauf sowohl von Hybrid als auch Elektrofahrzeugen immer weiter ansteigen, wird f\u00fcr den europ\u00e4ischen Markt ein solider Anstieg der Nachfrage nach Batterien prognostiziert. Dar\u00fcber hinaus wird erwartet, dass Europa <strong>bis 2025 etwa 6,3 Millionen Elektrofahrzeuge<\/strong> (EVs) verkaufen wird.<\/p>\n<p>Seit den Anf\u00e4ngen der Elektromobilit\u00e4t zeichnen sich gro\u00dfe Fortschritte im Bereich der Batterieentwicklung und -herstellung ab \u2013 ein Trend, der sich fortsetzen wird, denn Autohersteller weltweit wollen in den kommenden Jahren <strong>225 Milliarden US-Dollar in die Elektrifizierung<\/strong> stecken. Laut McKinsey sollen <strong>bis 2024 etwa 70 Prozent<\/strong> aller verkauften Fahrzeuge in Europa, also Busse, PKW, LKW und Transporter, elektrisch betrieben sein.<\/p>\n<p>Die beiden Messen haben es sich zur Aufgabe gemacht, die Teilnehmer mit dem Wissen und den Erkenntnissen auszustatten, die erforderlich sind, um mit der wachsenden Informationsnachfrage auf den Gebieten <strong>EV-Batteriekonzepte, Chemie, Materialkunde und Ladevorg\u00e4nge<\/strong> Schritt zu halten. Zu den sechs Panels dazu geh\u00f6ren \u201aSystem Safety &amp; Thermal Runaway Inhibition\u2018, \u201aBattery Chemistry Evolution\u2018, \u201aBeyond Lithium Ion\u2018, \u201aBattery Raw Materials\u2018, \u201aBattery Charging\u2018 und \u201aBattery Manufacturing\u2018.<\/p>\n<p>Auf der Messe sind <strong>Vertreter f\u00fchrender OEMs<\/strong> (Original Equipment Manufacturers) aus dem Batterie- und H\/EV-Bereich anwesend. Dazu geh\u00f6ren CATL, Daimler AG, FREYR, KIC-InnoEnergy, Li Cycle, Nissan Energy, Proterra, Tesla, Umicore \u2013 Rechargeable Battery Materials und Volvo mit Moderatoren von Bloomberg New Energy Finance und IHS Markit. Diese werden gemeinsam mit den Key-Note-Rednern und Podiumsteilnehmern <strong>Strategien zur Bew\u00e4ltigung der Herausforderungen<\/strong> diskutieren, mit denen die Industrie f\u00fcr Elektrobatterien und Hybridfahrzeuge konfrontiert ist. So soll den Teilnehmern ein besseres Verst\u00e4ndnis daf\u00fcr vermittelt werden, wie sie Teil dieser sich rasch entwickelnden Landschaft sein k\u00f6nnen.<\/p>\n<p><strong>Neues Datum:<\/strong>\u00a015.\u201317. Oktober 2020<\/p>\n<p><strong>Ort:<\/strong> Messe Stuttgart, Messepiazza 1, 70629 Stuttgart<\/p>\n<p><strong>Website:\u00a0<\/strong><a href=\"https:\/\/www.thebatteryshow.eu\/en\/Home.html\" target=\"_blank\" rel=\"nofollow noopener\">thebatteryshow.eu<\/a> und <a href=\"https:\/\/www.evtechexpo.eu\/en\/Home.html\" target=\"_blank\" rel=\"nofollow noopener\">evtechexpo.eu<\/a><\/p>\n<figure id=\"attachment_1173\" aria-describedby=\"caption-attachment-1173\" style=\"width: 850px\" class=\"wp-caption alignnone\"><a href=\"https:\/\/www.akku.net\/magazin\/wp-content\/uploads\/alternative-auto-automobile-battery-110844.jpg\"><img loading=\"lazy\" decoding=\"async\" class=\"wp-image-1173 size-full\" src=\"https:\/\/www.akku.net\/magazin\/wp-content\/uploads\/alternative-auto-automobile-battery-110844.jpg\" alt=\"Elektromobiltit\u00e4t auf deutschen Stra\u00dfen\" width=\"850\" height=\"478\" srcset=\"https:\/\/www.akku.net\/magazin\/wp-content\/uploads\/alternative-auto-automobile-battery-110844.jpg 850w, https:\/\/www.akku.net\/magazin\/wp-content\/uploads\/alternative-auto-automobile-battery-110844-300x169.jpg 300w, https:\/\/www.akku.net\/magazin\/wp-content\/uploads\/alternative-auto-automobile-battery-110844-768x432.jpg 768w\" sizes=\"auto, (max-width: 850px) 100vw, 850px\" \/><\/a><figcaption id=\"caption-attachment-1173\" class=\"wp-caption-text\"><em>Elektromobilit\u00e4t im Kommen &#8211; auch auf deutschen Stra\u00dfen (by Mike @Pexels)<\/em><\/figcaption><\/figure>\n<h2><\/h2>\n<h2><strong>Medical Battery Conference<\/strong><\/h2>\n<p><strong><em>Ursprungstermin: 4.\u20135. Mai 2020, Seligenstadt (bei Frankfurt am Main)<\/em><\/strong><\/p>\n<p>*<strong>UPDATE:<\/strong> <em>Die MEDICAL BATTERY CONFERENCE 2020 wird <strong>auf das Jahr 2021 verschoben<\/strong>. Damit folgen die Veranstalter den Empfehlungen der Bundesregierung f\u00fcr Gro\u00dfveranstaltungen. Es wird momentan noch \u00fcber einen neuen Termin beraten.<\/em>*<\/p>\n<p>Digitale Devices aus der Medizintechnik laufen auf Akku-Basis. Um Symptome von Erkrankungen wie Parkinson oder Epilepsie zu lindern, ist es unumg\u00e4nglich, dass das Know-how von Ingenieuren und Maschinenbauern mit den innovativen Vorhaben aus der Wissenschaft Schritt h\u00e4lt (Akku.net berichtete <a href=\"https:\/\/www.akku.net\/magazin\/medizintechnik-akkus\/\">hier<\/a> dar\u00fcber). Der medizinische Sektor sieht sich mit einer rasanten <strong>Zunahme batterietechnologischer Ger\u00e4te<\/strong> konfrontiert, die L\u00f6sungen f\u00fcr viele medizinische Probleme liefern k\u00f6nnen, die noch vor einigen Jahren als unl\u00f6sbar galten.<\/p>\n<p>Zu den medizintechnologischen Ger\u00e4ten geh\u00f6ren <strong>sowohl implantierbare Batterien als auch Ger\u00e4te, die \u00fcber den menschlichen K\u00f6rper getragen werden\u00a0<\/strong>sowie spezielle Devices f\u00fcr Krankenwagen und Krankenh\u00e4user. Allen diesen verschiedenartigen Ger\u00e4ten ist gemeinsam, dass sie auf Batteriebasis laufen.<\/p>\n<p>Shmuel De-Leon Energy und RRC Power Solution haben darum beschlossen, dieses Segment der Batterieindustrie mit einer j\u00e4hrlichen Konferenz zu unterst\u00fctzen. Auf dieser sollen <strong>technologische Innovationen und Gesch\u00e4ftsm\u00f6glichkeiten<\/strong> diskutiert, aber auch das Networking zwischen internationalen Branchenf\u00fchrern unterst\u00fctzt werden.<\/p>\n<p>Die dieses Jahr zum dritten Mal stattfindende MEDICAL BATTERY CONFERENCE ist die <strong>einzige Konferenz f\u00fcr medizinische Batterien<\/strong>, die sowohl Teilnehmer aus f\u00fchrenden privaten und \u00f6ffentlichen Unternehmen, Start-ups als auch Investoren, Akademiker und Unternehmen zusammenbringt, die Ihren Fokus auf den Bereich der medizinischen Batterien legen.<\/p>\n<p>Parallel zur Konferenz findet eine Ausstellung statt.<\/p>\n<p>An wen sich die Veranstaltung richtet:<\/p>\n<ol>\n<li>Benutzer medizinischer Batterien<\/li>\n<li>Hersteller medizinischer Zellen<\/li>\n<li>Medizinische Akkupack-Monteure<\/li>\n<li>Ingenieure aus der Forschung &amp; Entwicklung<\/li>\n<li>Lieferanten und Kunden von medizinischen Ger\u00e4ten<\/li>\n<li>Marktforscher<\/li>\n<li>Batterie-Recycler<\/li>\n<li>Kommerzielle Forschungs- und Entwicklungslabors<\/li>\n<li>Hersteller von Batteriemontageger\u00e4ten<\/li>\n<li>Hersteller von Batteriekomponenten<\/li>\n<li>Anbieter von Batterietest- und Diagnostik-Dienstleistungen<\/li>\n<li>Hersteller von Batterie-Management-Systemen<\/li>\n<li>Hersteller von tragbarer Elektronik<\/li>\n<li>Laboratorien der Regierung<\/li>\n<li>Akademische Forschungsinstitute<\/li>\n<li>Rohstoff-Lieferanten<\/li>\n<li>Entwickler und Hersteller von medizinischen Devices<\/li>\n<li>Batterie-Recycling-Unternehmen<\/li>\n<li>Medienvertreter<\/li>\n<\/ol>\n<p><strong>Neues Datum:<\/strong> 2021<\/p>\n<p><strong>Ort:<\/strong> Hotel Columbus, Am Reitpfad 4, 63500 Seligenstadt<\/p>\n<p><strong>Website: <\/strong><a href=\"http:\/\/www.medicalbatteryconference.com\/\" target=\"_blank\" rel=\"nofollow noopener\">medicalbatteryconference.com<\/a><\/p>\n<figure id=\"attachment_1176\" aria-describedby=\"caption-attachment-1176\" style=\"width: 850px\" class=\"wp-caption alignnone\"><a href=\"https:\/\/www.akku.net\/magazin\/wp-content\/uploads\/person-in-white-long-sleeve-shirt-holding-a-tablet-and-3773855.jpg\"><img loading=\"lazy\" decoding=\"async\" class=\"wp-image-1176 size-full\" src=\"https:\/\/www.akku.net\/magazin\/wp-content\/uploads\/person-in-white-long-sleeve-shirt-holding-a-tablet-and-3773855.jpg\" alt=\"\u00e4rzte in beratung mit digitalem device tablet medizintechnik\" width=\"850\" height=\"387\" srcset=\"https:\/\/www.akku.net\/magazin\/wp-content\/uploads\/person-in-white-long-sleeve-shirt-holding-a-tablet-and-3773855.jpg 850w, https:\/\/www.akku.net\/magazin\/wp-content\/uploads\/person-in-white-long-sleeve-shirt-holding-a-tablet-and-3773855-300x137.jpg 300w, https:\/\/www.akku.net\/magazin\/wp-content\/uploads\/person-in-white-long-sleeve-shirt-holding-a-tablet-and-3773855-768x350.jpg 768w\" sizes=\"auto, (max-width: 850px) 100vw, 850px\" \/><\/a><figcaption id=\"caption-attachment-1176\" class=\"wp-caption-text\"><em>Digitale Prozesse sind l\u00e4ngst in der Medizin angekommen (by bongkarn thanyakij @Pexels)<\/em><\/figcaption><\/figure>\n<h2><\/h2>\n<h2><strong>Electrochemically Active Interfaces for Batteries<\/strong><\/h2>\n<p><em><strong>Ursprungstermin: 13. Mai 2020, Duisburg<\/strong><\/em><\/p>\n<p>*<strong>UPDATE:<\/strong> <em>Der DECHEMA-Infotag ELECTROCHEMICALLY ACTIVE INTERFACES IN BATTERIES <strong>wurde abgesagt<\/strong>. Damit folgen die Veranstalter den Empfehlungen der Bundesregierung f\u00fcr Gro\u00dfveranstaltungen.<\/em>*<\/p>\n<p>Seit \u00fcber 100 Jahren sind Verbrennungsmotoren die dominierende Antriebstechnik f\u00fcr Kraftfahrzeuge. Nun sind die batteriebetriebenen Fahrzeuge im Kommen. Doch um den \u00dcbergang zu meistern, braucht man <strong>Hochleistungsbatterien, die auf kosteng\u00fcnstigen und leicht verf\u00fcgbaren Materialien beruhen<\/strong>.<\/p>\n<p>Dabei spielt die <strong>Kontrolle der Vorg\u00e4nge an den Grenzfl\u00e4chen<\/strong> sowohl bei der Materialbildung als auch im Betrieb eine wesentliche Rolle.<\/p>\n<p>Der DECHEMA-Infotag ELECTROCHEMICALLY ACTIVE INTERFACES IN BATTERIES im Duisburger Fraunhofer-inHaus-Zentrum konzentriert sich genau auf diese Aspekte:<\/p>\n<ol>\n<li>Materialbildung und -charakterisierung<\/li>\n<li>Funktionelle Anoden- und Kathodenwerkstoffe<\/li>\n<li>Verarbeitung<\/li>\n<li>Feststoff-Batterien und Grenzfl\u00e4chen zwischen Festphasen<\/li>\n<li>Fl\u00fcssig-Fest-\u00dcberg\u00e4nge in konventionellen Lithium-Ionen-Batterien<\/li>\n<\/ol>\n<p>Faktoren, die f\u00fcr die Gestaltung und die Kombination von Anoden-, Kathoden- und Elektrolytmaterial eine Rolle spielen, sind <strong>die Energiedichten, die Stabilit\u00e4t beim Auf- und Entladen und die Lebensdauer \u00fcber die Ladezyklen<\/strong>.<\/p>\n<p>Ein Beispiel: Silizium eignet sich im Prinzip sehr gut als Anodenmaterial f\u00fcr Lithium-Ionen-Batterien. Es hat eine herausragend <strong>hohe theoretische Kapazit\u00e4t, ist im \u00dcberfluss verf\u00fcgbar, nicht toxisch und umweltvertr\u00e4glich und sicher<\/strong>. W\u00e4hrend der Ladung\/Entladung kommt es allerdings zur <strong>Bildung von Legierungen<\/strong>, was mit starken Volumenschwankungen einhergeht. Au\u00dferdem ist die Leitf\u00e4higkeit niedrig und die Grenzfl\u00e4che zwischen Elekrolyt und Festk\u00f6rper nicht stabil. <strong>Abhilfe k\u00f6nnen hier Additive schaffen<\/strong>, die dem Elektrolyten zugesetzt werden. Mehrere Vortr\u00e4ge des Infotages besch\u00e4ftigen sich mit Silizium- bzw. Silizium-Carbon-Anoden \u2013 u.\u00a0a. ist Evonik in der Entwicklung solcher Materialien aktiv.<\/p>\n<p>Auch die <strong>Mikro- und Nanostruktur der eingesetzten Werkstoffe<\/strong> wirkt sich auf die Performance der Batterien aus. Sie l\u00e4sst sich in der Synthese gezielt steuern und beeinflusst die elektrische und ionische Leitf\u00e4higkeit der Elektrodenmaterialien. Auch hier k\u00f6nnen gezielt <strong>Partikel als Additive eingebaut<\/strong> werden, um den Elektronen\u00fcbergang zu verbessern. Partikeltechniker und Werkstoffwissenschaftler arbeiten Hand in Hand und entwickeln nicht nur neue Methoden zur Synthese der Materialien, sondern auch zur Charakterisierung und Analytik, um den Vorg\u00e4ngen an den Grenzfl\u00e4chen auf den Grund zu gehen.<\/p>\n<p><strong>Datum:<\/strong> abgesagt<\/p>\n<p><strong>Ort:<\/strong> Fraunhofer-inHaus-Zentrum, Forsthausweg 1, 47057 Duisburg<\/p>\n<p><strong>Website: <\/strong><a href=\"https:\/\/dechema.de\/InterfacesforBatteries2020.html\" target=\"_blank\" rel=\"nofollow noopener\">dechema.de<\/a><\/p>\n<h2><\/h2>\n<h2><strong>Batteriesysteme im Karosseriebau 2020<\/strong><\/h2>\n<p><strong><em>Ursprungstermin: 23.\u201324. Juni 2020 in Bad Nauheim<\/em><\/strong><\/p>\n<p>*<strong>UPDATE:<\/strong> <em>Die Automotive-Circle-Fachkonferenz BATTERIESYSTEME IM KAROSSERIEBAU 2020 wird <strong>auf den 24.\u201325. November verschoben<\/strong>. Damit folgen die Veranstalter den Empfehlungen der Bundesregierung f\u00fcr Gro\u00dfveranstaltungen.<\/em>*<\/p>\n<p>Nahezu alle OEMs weltweit setzen zus\u00e4tzlich zu der regul\u00e4ren Fahrzeugproduktion mittlerweile auch auf <strong>vollelektrische Fahrzeuge<\/strong>. Zu den gr\u00f6\u00dften Herausforderungen der Automobilingenieure z\u00e4hlt dabei die <strong>optimale Einpassung des Batteriesystems in die Karosseriestruktur des Fahrzeugs<\/strong>. Ebenso m\u00fcssen Besonderheiten bei der Fertigung beachtet werden. Zentrale Aspekte dieser essenziellen Punkte sollen bei der von dem Automotive Circle organisierten Konferenz BATTERIESYSTEME IM KAROSSERIEBAU 2020 in Bad Nauheim diskutiert werden.<\/p>\n<p>Zu den Themenschwerpunkten geh\u00f6ren u.\u00a0a.:<\/p>\n<ol>\n<li>Verbindung von Karosserie- mit Batterie-Design<\/li>\n<li>Batteriemodul- und Batteriezellenanordnung<\/li>\n<li>W\u00e4rmemanagement<\/li>\n<li>Leichtbau und Materialstrategie<\/li>\n<li>Optimierung der Fahrzeugleistung<\/li>\n<li>Produktmanagement<\/li>\n<li>Crash-Sicherheit<\/li>\n<li>Unterschiede bez\u00fcglich der Marktregularien in verschiedenen L\u00e4ndern<\/li>\n<\/ol>\n<p>Die Batteriesystem-Konferenz richtet sich speziell an Karosseriebau-Ingenieure, Manager und Mitarbeiter bei OEMs, Forschungsinstituten sowie Zulieferer, die sich thematisch mit Batteriesystemen besch\u00e4ftigen. Damit ist diese Konferenz thematisch im Bereich der <strong>Elektromobilit\u00e4t, insbesondere der Konstruktions- und Fertigungspraxis im Karosseriebau<\/strong> angesiedelt. Die Experten der unterschiedlichen Gebiete sind dazu angehalten, konstruktiv und offen \u00fcber neue, zukunftsweisende Konzepte und L\u00f6sungen zu diskutieren, um die <strong>k\u00fcnftige Produktion von E-Fahrzeugen zu optimieren<\/strong>. Davon profitieren sowohl die Branche als auch letztendlich die K\u00e4ufer.<\/p>\n<p>Der Automotive Circle organisiert seit 30 Jahren praxisnahe Konferenzen, Tagungen, Workshops, Seminare und Ausstellungen f\u00fcr die internationale Automobil- und Zulieferindustrie. Dabei hat die marktf\u00fchrende Kommunikationsplattform stets die komplette \u201eProzesskette Automobil\u201c zum Gegenstand.<\/p>\n<p><strong>Neues Datum:<\/strong> 24.\u201325. November 2020<\/p>\n<p><strong>Ort:<\/strong> Hotel DOLCE, Elvis-Presley-Platz 1, 61231 Bad Nauheim<\/p>\n<p><strong>Website:<\/strong> <a href=\"http:\/\/www.automotive-circle.com\/de\/Konferenzen\/Batteriesysteme-im-Karosseriebau-2020\" target=\"_blank\" rel=\"nofollow noopener\">automotive-circle.com<\/a><\/p>\n<figure id=\"attachment_1171\" aria-describedby=\"caption-attachment-1171\" style=\"width: 850px\" class=\"wp-caption alignnone\"><a href=\"https:\/\/www.akku.net\/magazin\/wp-content\/uploads\/20190411_083822.jpg\"><img loading=\"lazy\" decoding=\"async\" class=\"wp-image-1171 size-full\" src=\"https:\/\/www.akku.net\/magazin\/wp-content\/uploads\/20190411_083822.jpg\" alt=\"sven bauer bmz group battery experts form batteriemesse 2019\" width=\"850\" height=\"566\" srcset=\"https:\/\/www.akku.net\/magazin\/wp-content\/uploads\/20190411_083822.jpg 850w, https:\/\/www.akku.net\/magazin\/wp-content\/uploads\/20190411_083822-300x200.jpg 300w, https:\/\/www.akku.net\/magazin\/wp-content\/uploads\/20190411_083822-768x511.jpg 768w\" sizes=\"auto, (max-width: 850px) 100vw, 850px\" \/><\/a><figcaption id=\"caption-attachment-1171\" class=\"wp-caption-text\"><em>Sven Bauer (BMZ Group) @Battery Experts Forum<\/em><\/figcaption><\/figure>\n<h2><\/h2>\n<h2><strong>Battery Experts Forum<\/strong><\/h2>\n<p><em><strong>29. September-1. Oktober 2020, Frankfurt am Main<\/strong><\/em><\/p>\n<p>Das j\u00e4hrlich stattfindende BATTERY EXPERTS FORUM in Frankfurt am Main ist <strong>sowohl Messe und Konferenz zugleich<\/strong>. Auf der gr\u00f6\u00dften Veranstaltung zum Thema Batterietechnologie pr\u00e4sentieren <strong>\u00fcber 100 Experten der f\u00fchrenden Batteriehersteller<\/strong> sowie Anwender aus Japan, S\u00fcdkorea, den USA und Europa in ihren Vortr\u00e4gen aktuelle Trends, Produktentwicklungen und L\u00f6sungen auf dem gesamten Gebiet der Batterietechnologie.<\/p>\n<p>Zu den Themen z\u00e4hlen:<\/p>\n<ol>\n<li>Der weltweite Markt<\/li>\n<li>Elektromobilit\u00e4t<\/li>\n<li>Sicherheit und Lebensdauer von Batterien<\/li>\n<li>Batterieproduktion<\/li>\n<li>Materialien der n\u00e4chsten Generation<\/li>\n<li>Produktion von Zellen<\/li>\n<li>Batteriemanagement und -komponenten<\/li>\n<li>Pr\u00fcfung und Zertifizierung<\/li>\n<li>Funktionale Sicherheit und Batteriemanagement<\/li>\n<li>Normen und Vorschriften<\/li>\n<li>Lagerung zu Hause<\/li>\n<li>Brandschutz und Sicherheit<\/li>\n<li>Ladevorgang<\/li>\n<li>Recycling<\/li>\n<\/ol>\n<p>Die Konferenz erg\u00e4nzen u.\u00a0a. Batterie-Tutorials (am ersten Konferenztag) sowie Kurzpr\u00e4sentationen von Herstellern in der Business Presentation Lounge.<\/p>\n<p>Auf der dazugeh\u00f6rigen Messe gibt es <strong>\u00fcber 160 St\u00e4nde von namhaften Ausstellern<\/strong> \u2013 vom Zell- und Batteriehersteller \u00fcber Anwender bis hin zu OEMs sind wichtige Vertreter aus unterschiedlichen Branchen vertreten, die alle das grundlegende Thema Batterie eint. Zu den Ausstellern geh\u00f6ren <strong>u.\u00a0a. marktf\u00fchrende Zellhersteller<\/strong> wie Samsung, LG Chem, Fraunhofer Batterien, Murata, Panasonic, BYD sowie viele Branchen-Newcomer.<\/p>\n<p>In diesem Zusammenhang werden auf der Messe <strong>innovative Design-, Produktions- und Fertigungsl\u00f6sungen<\/strong> pr\u00e4sentiert. Dar\u00fcber hinaus informieren die Aussteller \u00fcber <strong>neue Batteriesysteme, Materialien und Komponenten in der Batterietechnologie<\/strong>. Auch der Aspekt des Recyclings, der immer wieder medial diskutiert wird, findet auf dem BATTERY EXPERTS FORUM prominent Beachtung.<\/p>\n<p>Zus\u00e4tzlich haben die Teilnehmer freien Zutritt zur Mobility Action Area, wo sie neue Produkte (z. B. Elektrofahrzeuge, E-Bikes, Segways und mehr) vor Ort testen k\u00f6nnen.<\/p>\n<p><strong>Datum:<\/strong> 29. September\u20131. Oktober 2020<\/p>\n<p><strong>Ort:<\/strong> Messe Frankfurt, Ludwig-Erhard-Anlage 1, 60327 Frankfurt am Main<\/p>\n<p><strong>Website:<\/strong> <a href=\"https:\/\/www.battery-experts-forum.com\/index.php\/de\/\" target=\"_blank\" rel=\"nofollow noopener\">battery-experts-forum.com<\/a><\/p>\n<h2><\/h2>\n<h2><strong>Batterietechnologie: 2020 wird spannend<\/strong><\/h2>\n<p>Im Lichte der aktuellen Entwicklung der Ausbreitung von Sars-CoV-2 mussten leider viele Veranstaltungen verschoben bzw. abgesagt werden. Dennoch h\u00e4lt das Jahr in der zweiten H\u00e4lfte viele Batterie-Events bereit \u2013 von Gro\u00dfveranstaltungen bis hin zu kleineren Events zu sehr spezifischen Themen. Allen ist gemein, dass sie sich mit den gro\u00dfen <strong>Potenzialen der Batterie f\u00fcr die zuk\u00fcnftigen Technologien<\/strong> besch\u00e4ftigen. Dazu geh\u00f6ren z. B. Elektromobilit\u00e4t, erneuerbare Energien, Medizin- und Fertigungstechnik.<\/p>\n<p>Wenn Sie weitere Informationen zu der Zukunft der Batterie bekommen m\u00f6chten, schauen Sie sich doch unsere Magazinbeitr\u00e4ge zu m\u00f6glichen <a href=\"https:\/\/www.akku.net\/magazin\/lithium-ionen-batterie-nachfolger\/\">Lithium-Ionen-Nachfolgern<\/a> oder der <a href=\"https:\/\/www.akku.net\/magazin\/e-mobilitaet-feststoffbatterie\/\">Feststoffbatterie<\/a> an.<\/p>\n","protected":false},"excerpt":{"rendered":"<p>UPDATE: Aufgrund der Ausbreitung des Corona-Virus werden zahlreiche Gro\u00dfveranstaltungen, die in der ersten Jahresh\u00e4lfte stattfinden sollten, auf sp\u00e4tere Termine verschoben<\/p>\n","protected":false},"author":5,"featured_media":1170,"comment_status":"open","ping_status":"open","sticky":false,"template":"","format":"standard","meta":{"colormag_page_container_layout":"default_layout","colormag_page_sidebar_layout":"default_layout","footnotes":""},"categories":[3,1],"tags":[],"class_list":["post-1160","post","type-post","status-publish","format-standard","has-post-thumbnail","hentry","category-akku-wissen","category-allgemein"],"_links":{"self":[{"href":"https:\/\/www.akku.net\/magazin\/wp-json\/wp\/v2\/posts\/1160","targetHints":{"allow":["GET"]}}],"collection":[{"href":"https:\/\/www.akku.net\/magazin\/wp-json\/wp\/v2\/posts"}],"about":[{"href":"https:\/\/www.akku.net\/magazin\/wp-json\/wp\/v2\/types\/post"}],"author":[{"embeddable":true,"href":"https:\/\/www.akku.net\/magazin\/wp-json\/wp\/v2\/users\/5"}],"replies":[{"embeddable":true,"href":"https:\/\/www.akku.net\/magazin\/wp-json\/wp\/v2\/comments?post=1160"}],"version-history":[{"count":18,"href":"https:\/\/www.akku.net\/magazin\/wp-json\/wp\/v2\/posts\/1160\/revisions"}],"predecessor-version":[{"id":1185,"href":"https:\/\/www.akku.net\/magazin\/wp-json\/wp\/v2\/posts\/1160\/revisions\/1185"}],"wp:featuredmedia":[{"embeddable":true,"href":"https:\/\/www.akku.net\/magazin\/wp-json\/wp\/v2\/media\/1170"}],"wp:attachment":[{"href":"https:\/\/www.akku.net\/magazin\/wp-json\/wp\/v2\/media?parent=1160"}],"wp:term":[{"taxonomy":"category","embeddable":true,"href":"https:\/\/www.akku.net\/magazin\/wp-json\/wp\/v2\/categories?post=1160"},{"taxonomy":"post_tag","embeddable":true,"href":"https:\/\/www.akku.net\/magazin\/wp-json\/wp\/v2\/tags?post=1160"}],"curies":[{"name":"wp","href":"https:\/\/api.w.org\/{rel}","templated":true}]}}